{"id":2508,"date":"2020-12-09T15:31:40","date_gmt":"2020-12-09T11:31:40","guid":{"rendered":"https:\/\/groupecaille.com\/?p=2508"},"modified":"2020-12-10T09:53:54","modified_gmt":"2020-12-10T05:53:54","slug":"la-marque-mg-est-arrivee-a-la-reunion","status":"publish","type":"post","link":"https:\/\/groupecaille.com\/index.php\/2020\/12\/09\/la-marque-mg-est-arrivee-a-la-reunion\/","title":{"rendered":"La marque MG est arriv\u00e9e \u00e0 la R\u00e9union"},"content":{"rendered":"<p>[et_pb_section fb_built=\u00a0\u00bb1&Prime; _builder_version=\u00a0\u00bb4.6.1&Prime; _module_preset=\u00a0\u00bbdefault\u00a0\u00bb min_height=\u00a0\u00bb157px\u00a0\u00bb][et_pb_row _builder_version=\u00a0\u00bb4.6.1&Prime; _module_preset=\u00a0\u00bbdefault\u00a0\u00bb min_height=\u00a0\u00bb136px\u00a0\u00bb][et_pb_column type=\u00a0\u00bb4_4&Prime; _builder_version=\u00a0\u00bb4.6.1&Prime; _module_preset=\u00a0\u00bbdefault\u00a0\u00bb][et_pb_text _builder_version=\u00a0\u00bb4.6.1&Prime; _module_preset=\u00a0\u00bbdefault\u00a0\u00bb text_text_color=\u00a0\u00bb#000000&Prime; text_font_size=\u00a0\u00bb15px\u00a0\u00bb text_line_height=\u00a0\u00bb1.9em\u00a0\u00bb text_orientation=\u00a0\u00bbjustified\u00a0\u00bb]<\/p>\n<p><b style=\"font-size: 15px;\"><i>La marque MG est n\u00e9e en 1924 en Angleterre. Presque un si\u00e8cle apr\u00e8s elle est devenue la propri\u00e9t\u00e9 du N\u00b01 des constructeurs chinois le groupe SAIC.<\/i><\/b><\/p>\n<p class=\"p2\"><span class=\"s1\">Le Groupe Caill\u00e9 devient le premier importateur \u00e0 obtenir un accord de distribution exclusif de la marque \u00e0 la R\u00e9union. Pour l\u2019instant un seul mod\u00e8le est commercialis\u00e9, le SUV 100% \u00e9lectrique ZS EV, en une seule finition et trois coloris. Son design est intemporel et concentre tous les \u00e9quipements que nous sommes en droit d\u2019attendre d\u2019un SUV\u00a0: Toutes les aides \u00e0 la conduite et le MG Pilot pour une s\u00e9curit\u00e9 maximale, un habitacle spacieux, un \u00e9cran tactile 8 pouces, un toit panoramique et des jantes 17 pouces. Le tout propos\u00e9 \u00e0 un prix imbattable\u00a0!<\/span><\/p>\n<p class=\"p2\"><span class=\"s1\">Alors n\u2019attendez plus et venez d\u00e9couvrir la marque MG dans les locaux de KOLORS Nord.<\/span><\/p>\n<p>[\/et_pb_text][\/et_pb_column][\/et_pb_row][et_pb_row _builder_version=\u00a0\u00bb4.6.1&Prime; _module_preset=\u00a0\u00bbdefault\u00a0\u00bb column_structure=\u00a0\u00bb1_5,1_5,1_5,1_5,1_5&Prime;][et_pb_column _builder_version=\u00a0\u00bb4.6.1&Prime; _module_preset=\u00a0\u00bbdefault\u00a0\u00bb type=\u00a0\u00bb1_5&Prime;][et_pb_blurb title=\u00a0\u00bbMG R\u00e9union\u00a0\u00bb url=\u00a0\u00bbhttps:\/\/mgreunion.com\/\u00a0\u00bb image=\u00a0\u00bbhttps:\/\/groupecaille.com\/wp-content\/uploads\/2020\/11\/logo-mg-tag.jpg\u00a0\u00bb icon_placement=\u00a0\u00bbleft\u00a0\u00bb _builder_version=\u00a0\u00bb4.6.1&Prime; _module_preset=\u00a0\u00bbdefault\u00a0\u00bb header_font=\u00a0\u00bb||||||||\u00a0\u00bb header_text_align=\u00a0\u00bbcenter\u00a0\u00bb header_text_color=\u00a0\u00bb#ffffff\u00a0\u00bb header_font_size=\u00a0\u00bb12px\u00a0\u00bb header_line_height=\u00a0\u00bb2.5em\u00a0\u00bb body_text_align=\u00a0\u00bbcenter\u00a0\u00bb background_color=\u00a0\u00bb#636363&Prime; text_orientation=\u00a0\u00bbcenter\u00a0\u00bb background_layout=\u00a0\u00bbdark\u00a0\u00bb width=\u00a0\u00bb100%\u00a0\u00bb max_width=\u00a0\u00bb100%\u00a0\u00bb module_alignment=\u00a0\u00bbcenter\u00a0\u00bb height=\u00a0\u00bb30px\u00a0\u00bb max_height=\u00a0\u00bb30px\u00a0\u00bb link_option_url=\u00a0\u00bbhttps:\/\/mgreunion.com\/\u00a0\u00bb link_option_url_new_window=\u00a0\u00bbon\u00a0\u00bb hover_enabled=\u00a0\u00bb0&Prime; border_radii=\u00a0\u00bbon|3px|3px|3px|3px\u00a0\u00bb border_color_all=\u00a0\u00bb#636363&Prime; box_shadow_style=\u00a0\u00bbpreset3&Prime; title_text=\u00a0\u00bblogo-mg-tag\u00a0\u00bb sticky_enabled=\u00a0\u00bb0&Prime;][\/et_pb_blurb][\/et_pb_column][et_pb_column _builder_version=\u00a0\u00bb4.6.1&Prime; _module_preset=\u00a0\u00bbdefault\u00a0\u00bb type=\u00a0\u00bb1_5&Prime;][\/et_pb_column][et_pb_column _builder_version=\u00a0\u00bb4.6.1&Prime; _module_preset=\u00a0\u00bbdefault\u00a0\u00bb type=\u00a0\u00bb1_5&Prime;][\/et_pb_column][et_pb_column _builder_version=\u00a0\u00bb4.6.1&Prime; _module_preset=\u00a0\u00bbdefault\u00a0\u00bb type=\u00a0\u00bb1_5&Prime;][\/et_pb_column][et_pb_column _builder_version=\u00a0\u00bb4.6.1&Prime; _module_preset=\u00a0\u00bbdefault\u00a0\u00bb type=\u00a0\u00bb1_5&Prime;][\/et_pb_column][\/et_pb_row][\/et_pb_section][et_pb_section fb_built=\u00a0\u00bb1&Prime; _builder_version=\u00a0\u00bb4.6.1&Prime; _module_preset=\u00a0\u00bbdefault\u00a0\u00bb][et_pb_row column_structure=\u00a0\u00bb1_2,1_2&Prime; make_equal=\u00a0\u00bbon\u00a0\u00bb _builder_version=\u00a0\u00bb4.6.1&Prime; _module_preset=\u00a0\u00bbdefault\u00a0\u00bb][et_pb_column type=\u00a0\u00bb1_2&Prime; _builder_version=\u00a0\u00bb4.6.1&Prime; _module_preset=\u00a0\u00bbdefault\u00a0\u00bb][et_pb_image src=\u00a0\u00bbhttps:\/\/groupecaille.com\/wp-content\/uploads\/2020\/12\/MG02.jpg\u00a0\u00bb alt=\u00a0\u00bbkia concession groupe caille reunion\u00a0\u00bb title_text=\u00a0\u00bbMG02&Prime; _builder_version=\u00a0\u00bb4.6.1&Prime; _module_preset=\u00a0\u00bbdefault\u00a0\u00bb custom_margin=\u00a0\u00bb||47px|||\u00a0\u00bb][\/et_pb_image][\/et_pb_column][et_pb_column type=\u00a0\u00bb1_2&Prime; _builder_version=\u00a0\u00bb4.6.1&Prime; _module_preset=\u00a0\u00bbdefault\u00a0\u00bb][et_pb_image src=\u00a0\u00bbhttps:\/\/groupecaille.com\/wp-content\/uploads\/2020\/12\/MG_1.jpg\u00a0\u00bb alt=\u00a0\u00bbkia concession groupe caille reunion\u00a0\u00bb title_text=\u00a0\u00bbMG_1&Prime; _builder_version=\u00a0\u00bb4.6.1&Prime; _module_preset=\u00a0\u00bbdefault\u00a0\u00bb][\/et_pb_image][\/et_pb_column][\/et_pb_row][\/et_pb_section]<\/p>\n","protected":false},"excerpt":{"rendered":"<p>La marque MG est n\u00e9e en 1924 en Angleterre. Presque un si\u00e8cle apr\u00e8s elle est devenue la propri\u00e9t\u00e9 du N\u00b01 des constructeurs chinois le groupe SAIC. Le Groupe Caill\u00e9 devient le premier importateur \u00e0 obtenir un accord de distribution exclusif de la marque \u00e0 la R\u00e9union. Pour l\u2019instant un seul mod\u00e8le est commercialis\u00e9, le SUV [&hellip;]<\/p>\n","protected":false},"author":21,"featured_media":2511,"comment_status":"closed","ping_status":"closed","sticky":false,"template":"","format":"standard","meta":{"_et_pb_use_builder":"on","_et_pb_old_content":"","_et_gb_content_width":"1080"},"categories":[33],"tags":[],"_links":{"self":[{"href":"https:\/\/groupecaille.com\/index.php\/wp-json\/wp\/v2\/posts\/2508"}],"collection":[{"href":"https:\/\/groupecaille.com\/index.php\/wp-json\/wp\/v2\/posts"}],"about":[{"href":"https:\/\/groupecaille.com\/index.php\/wp-json\/wp\/v2\/types\/post"}],"author":[{"embeddable":true,"href":"https:\/\/groupecaille.com\/index.php\/wp-json\/wp\/v2\/users\/21"}],"replies":[{"embeddable":true,"href":"https:\/\/groupecaille.com\/index.php\/wp-json\/wp\/v2\/comments?post=2508"}],"version-history":[{"count":4,"href":"https:\/\/groupecaille.com\/index.php\/wp-json\/wp\/v2\/posts\/2508\/revisions"}],"predecessor-version":[{"id":2610,"href":"https:\/\/groupecaille.com\/index.php\/wp-json\/wp\/v2\/posts\/2508\/revisions\/2610"}],"wp:featuredmedia":[{"embeddable":true,"href":"https:\/\/groupecaille.com\/index.php\/wp-json\/wp\/v2\/media\/2511"}],"wp:attachment":[{"href":"https:\/\/groupecaille.com\/index.php\/wp-json\/wp\/v2\/media?parent=2508"}],"wp:term":[{"taxonomy":"category","embeddable":true,"href":"https:\/\/groupecaille.com\/index.php\/wp-json\/wp\/v2\/categories?post=2508"},{"taxonomy":"post_tag","embeddable":true,"href":"https:\/\/groupecaille.com\/index.php\/wp-json\/wp\/v2\/tags?post=2508"}],"curies":[{"name":"wp","href":"https:\/\/api.w.org\/{rel}","templated":true}]}}