{"id":2319,"date":"2020-11-30T11:30:09","date_gmt":"2020-11-30T07:30:09","guid":{"rendered":"https:\/\/groupecaille.com\/?p=2319"},"modified":"2020-11-30T11:40:36","modified_gmt":"2020-11-30T07:40:36","slug":"le-groupe-caille-va-a-la-rencontre-des-reunionnais","status":"publish","type":"post","link":"https:\/\/groupecaille.com\/index.php\/2020\/11\/30\/le-groupe-caille-va-a-la-rencontre-des-reunionnais\/","title":{"rendered":"Le Groupe Caill\u00e9 va \u00e0 la rencontre des R\u00e9unionnais"},"content":{"rendered":"<p>[et_pb_section fb_built=\u00a0\u00bb1&Prime; _builder_version=\u00a0\u00bb4.6.1&Prime; _module_preset=\u00a0\u00bbdefault\u00a0\u00bb custom_margin=\u00a0\u00bb||-54px|||\u00a0\u00bb custom_padding=\u00a0\u00bb||0px|||\u00a0\u00bb][et_pb_row _builder_version=\u00a0\u00bb4.6.1&Prime; _module_preset=\u00a0\u00bbdefault\u00a0\u00bb][et_pb_column type=\u00a0\u00bb4_4&Prime; _builder_version=\u00a0\u00bb4.6.1&Prime; _module_preset=\u00a0\u00bbdefault\u00a0\u00bb][et_pb_text _builder_version=\u00a0\u00bb4.6.1&Prime; _module_preset=\u00a0\u00bbdefault\u00a0\u00bb text_font_size=\u00a0\u00bb16px\u00a0\u00bb]<\/p>\n<p class=\"p1\" style=\"text-align: justify;\"><span class=\"s1\" style=\"color: #333333;\"><b><i>Le groupe Caill\u00e9 \u00e9tait partenaire de la troisi\u00e8me \u00e9dition du salon de l\u2019emploi qui s\u2019est d\u00e9roul\u00e9 \u00e0 la fin octobre. Malgr\u00e9 le contexte sanitaire l\u2019\u00e9v\u00e8nement a \u00e9t\u00e9 maintenu et a rencontr\u00e9 un franc succ\u00e8s puisque plus de 4000 personnes \u00e0 la recherche d\u2019un emploi se sont rendus au salon.<\/i><\/b><\/span><\/p>\n<p class=\"p1\" style=\"text-align: justify;\"><span class=\"s1\" style=\"color: #333333;\">De nombreux jeunes R\u00e9unionnais en recherche d\u2019emploi se sont rendus au salon de l\u2019emploi o\u00f9 le Groupe \u00e9tait pr\u00e9sent le Jeudi 29 et Vendredi 30 Octobre, au Parc des expositions \u00e0 Saint-Denis. Participer \u00e0 ce salon a permis de confirmer la position du groupe Caill\u00e9 comme acteur majeur \u00e9conomique sur le march\u00e9 r\u00e9unionnais et participer au d\u00e9veloppement de sa marque employeur. <\/span><\/p>\n<p class=\"p1\" style=\"text-align: justify;\"><span class=\"s1\" style=\"color: #333333;\">Dans le respect des r\u00e8gles sanitaires, des Responsables RH et des Directeurs de site ont fait passer des entretiens directement sur place aux candidats correspondant aux profils recherch\u00e9s. <\/span><\/p>\n<p class=\"p1\" style=\"text-align: justify;\"><span class=\"s1\"><span style=\"color: #333333;\">Sur les 202 CV re\u00e7u pr\u00e8s de 50 personnes ont \u00e9t\u00e9 contact\u00e9es pour passer un premier entretien qui m\u00e8nera peut-\u00eatre \u00e0 un d\u00e9but de carri\u00e8re au sein du Groupe.<\/span> <\/span><\/p>\n<p>[\/et_pb_text][\/et_pb_column][\/et_pb_row][\/et_pb_section][et_pb_section fb_built=\u00a0\u00bb1&Prime; _builder_version=\u00a0\u00bb4.6.1&Prime; _module_preset=\u00a0\u00bbdefault\u00a0\u00bb min_height=\u00a0\u00bb453px\u00a0\u00bb][et_pb_row column_structure=\u00a0\u00bb1_2,1_2&Prime; _builder_version=\u00a0\u00bb4.6.1&Prime; _module_preset=\u00a0\u00bbdefault\u00a0\u00bb min_height=\u00a0\u00bb405px\u00a0\u00bb][et_pb_column type=\u00a0\u00bb1_2&Prime; _builder_version=\u00a0\u00bb4.6.1&Prime; _module_preset=\u00a0\u00bbdefault\u00a0\u00bb][et_pb_image src=\u00a0\u00bbhttps:\/\/groupecaille.com\/wp-content\/uploads\/2020\/11\/DSCF5300.jpg\u00a0\u00bb title_text=\u00a0\u00bbDSCF5300&Prime; _builder_version=\u00a0\u00bb4.6.1&Prime; _module_preset=\u00a0\u00bbdefault\u00a0\u00bb][\/et_pb_image][\/et_pb_column][et_pb_column type=\u00a0\u00bb1_2&Prime; _builder_version=\u00a0\u00bb4.6.1&Prime; _module_preset=\u00a0\u00bbdefault\u00a0\u00bb][et_pb_image src=\u00a0\u00bbhttps:\/\/groupecaille.com\/wp-content\/uploads\/2020\/11\/DSCF5320.jpg\u00a0\u00bb title_text=\u00a0\u00bbDSCF5320&Prime; _builder_version=\u00a0\u00bb4.6.1&Prime; _module_preset=\u00a0\u00bbdefault\u00a0\u00bb][\/et_pb_image][\/et_pb_column][\/et_pb_row][\/et_pb_section]<\/p>\n","protected":false},"excerpt":{"rendered":"<p>Le groupe Caill\u00e9 \u00e9tait partenaire de la troisi\u00e8me \u00e9dition du salon de l\u2019emploi qui s\u2019est d\u00e9roul\u00e9 \u00e0 la fin octobre. Malgr\u00e9 le contexte sanitaire l\u2019\u00e9v\u00e8nement a \u00e9t\u00e9 maintenu et a rencontr\u00e9 un franc succ\u00e8s puisque plus de 4000 personnes \u00e0 la recherche d\u2019un emploi se sont rendus au salon. De nombreux jeunes R\u00e9unionnais en recherche [&hellip;]<\/p>\n","protected":false},"author":27,"featured_media":2313,"comment_status":"closed","ping_status":"closed","sticky":false,"template":"","format":"standard","meta":{"_et_pb_use_builder":"on","_et_pb_old_content":"","_et_gb_content_width":"1080"},"categories":[33],"tags":[],"_links":{"self":[{"href":"https:\/\/groupecaille.com\/index.php\/wp-json\/wp\/v2\/posts\/2319"}],"collection":[{"href":"https:\/\/groupecaille.com\/index.php\/wp-json\/wp\/v2\/posts"}],"about":[{"href":"https:\/\/groupecaille.com\/index.php\/wp-json\/wp\/v2\/types\/post"}],"author":[{"embeddable":true,"href":"https:\/\/groupecaille.com\/index.php\/wp-json\/wp\/v2\/users\/27"}],"replies":[{"embeddable":true,"href":"https:\/\/groupecaille.com\/index.php\/wp-json\/wp\/v2\/comments?post=2319"}],"version-history":[{"count":7,"href":"https:\/\/groupecaille.com\/index.php\/wp-json\/wp\/v2\/posts\/2319\/revisions"}],"predecessor-version":[{"id":2352,"href":"https:\/\/groupecaille.com\/index.php\/wp-json\/wp\/v2\/posts\/2319\/revisions\/2352"}],"wp:featuredmedia":[{"embeddable":true,"href":"https:\/\/groupecaille.com\/index.php\/wp-json\/wp\/v2\/media\/2313"}],"wp:attachment":[{"href":"https:\/\/groupecaille.com\/index.php\/wp-json\/wp\/v2\/media?parent=2319"}],"wp:term":[{"taxonomy":"category","embeddable":true,"href":"https:\/\/groupecaille.com\/index.php\/wp-json\/wp\/v2\/categories?post=2319"},{"taxonomy":"post_tag","embeddable":true,"href":"https:\/\/groupecaille.com\/index.php\/wp-json\/wp\/v2\/tags?post=2319"}],"curies":[{"name":"wp","href":"https:\/\/api.w.org\/{rel}","templated":true}]}}